{"id":4863,"date":"2022-11-24T09:46:04","date_gmt":"2022-11-24T07:46:04","guid":{"rendered":"https:\/\/primaria-negruvoda.ro\/?p=4863"},"modified":"2025-12-05T14:18:53","modified_gmt":"2025-12-05T12:18:53","slug":"anunturi-publice","status":"publish","type":"post","link":"https:\/\/primaria-negruvoda.ro\/index.php\/2022\/11\/24\/anunturi-publice\/","title":{"rendered":"Anun\u021buri publice"},"content":{"rendered":"\n<figure class=\"wp-block-image size-large\"><img loading=\"lazy\" width=\"1024\" height=\"683\" src=\"https:\/\/primaria-negruvoda.ro\/wp-content\/uploads\/2025\/12\/905E91A1-5798-46BB-8535-57F61D465D5E-1024x683.png\" alt=\"\" class=\"wp-image-6276\" srcset=\"https:\/\/primaria-negruvoda.ro\/wp-content\/uploads\/2025\/12\/905E91A1-5798-46BB-8535-57F61D465D5E-1024x683.png 1024w, https:\/\/primaria-negruvoda.ro\/wp-content\/uploads\/2025\/12\/905E91A1-5798-46BB-8535-57F61D465D5E-300x200.png 300w, https:\/\/primaria-negruvoda.ro\/wp-content\/uploads\/2025\/12\/905E91A1-5798-46BB-8535-57F61D465D5E-768x512.png 768w, https:\/\/primaria-negruvoda.ro\/wp-content\/uploads\/2025\/12\/905E91A1-5798-46BB-8535-57F61D465D5E-600x400.png 600w, https:\/\/primaria-negruvoda.ro\/wp-content\/uploads\/2025\/12\/905E91A1-5798-46BB-8535-57F61D465D5E-938x625.png 938w, https:\/\/primaria-negruvoda.ro\/wp-content\/uploads\/2025\/12\/905E91A1-5798-46BB-8535-57F61D465D5E-1130x753.png 1130w, https:\/\/primaria-negruvoda.ro\/wp-content\/uploads\/2025\/12\/905E91A1-5798-46BB-8535-57F61D465D5E.png 1536w\" sizes=\"(max-width: 1024px) 100vw, 1024px\" \/><\/figure>\n\n\n\n<h3>Informare public\u0103 \u2013 Campanie de consulta\u021bii optometrice<\/h3>\n\n\n\n<p>Prim\u0103ria ora\u0219ului <strong>Negru Vod\u0103<\/strong> aduce la cuno\u0219tin\u021ba locuitorilor c\u0103 societatea <strong>S.C. OPTIC PRO&nbsp;MAS S.R.L.<\/strong> va organiza consulta\u021bii optometrice gratuite dup\u0103 urm\u0103torul program:<\/p>\n\n\n\n<ul><li><strong>Mar\u021bi, 14 octombrie 2025<\/strong>, \u00eentre orele <strong>09:30 \u2013 13:00<\/strong>, la <strong>Clubul Pensionarilor<\/strong> din Ora\u0219ul Negru&nbsp;Vod\u0103;<\/li><li><strong>Miercuri, 15 octombrie 2025<\/strong>, \u00eentre orele <strong>09:30 \u2013 13:00<\/strong>, la <strong>Gr\u0103dini\u021ba<\/strong> din satul <strong>Darabani<\/strong>.<\/li><\/ul>\n\n\n\n<p>Evenimentul este organizat de societatea privat\u0103 men\u021bionat\u0103 mai sus; <strong>prim\u0103ria doar pune la dispozi\u021bie spa\u021biul<\/strong>, f\u0103r\u0103 a presta servicii medicale sau a comercializa produse. Activitatea se desf\u0103\u0219oar\u0103 \u00een regim comercial, iar orice achizi\u021bie este op\u021bional\u0103 \u0219i se realizeaz\u0103 direct cu operatorul economic.<\/p>\n\n\n\n<p>Pentru detalii suplimentare, persoanele interesate sunt invitate s\u0103 contacteze organizatorul la num\u0103rul de telefon <strong>0736\u202f436\u202f720<\/strong>.<\/p>\n\n\n\n<p><\/p>\n\n\n\n<p><strong>ANUN\u021a PUBLIC &#8211; COD RO\u0218U<\/strong><\/p>\n\n\n\n<p class=\"has-text-align-left\">Pe durata manifest\u0103rii v\u00e2ntului puternic, recomand\u0103m cet\u0103\u021benilor s\u0103 \u00eentrerup\u0103 orice activitate desf\u0103\u0219urat\u0103 \u00een aer liber \u0219i s\u0103 se ad\u0103posteasc\u0103 \u00een imobile sau spa\u0163ii \u00eenchise, care sa le asigure protec\u0163ia.<\/p>\n\n\n\n<p>\ud83d\udcccParcarea autoturismelor se va face \u00een zone ferite, la distan\u0163\u0103 de copaci, st\u00e2lpi de electricitate sau alte obiecte care i-ar putea r\u0103ni prin c\u0103dere.<\/p>\n\n\n\n<p>\ud83d\udcccAparatele \u015fi alte echipamente electrice (tv, computere, aparatele de aer condi\u0163ionat etc.) vor fi deconectate de la priz\u0103, deoarece acestea pot fi defectate ca urmare a desc\u0103rc\u0103rilor electrice atmosferice.<\/p>\n\n\n\n<div class=\"wp-block-image\"><figure class=\"aligncenter size-large\"><img loading=\"lazy\" width=\"491\" height=\"1024\" src=\"https:\/\/primaria-negruvoda.ro\/wp-content\/uploads\/2022\/11\/WhatsApp-Image-2025-10-07-at-10.47.31-491x1024.jpeg\" alt=\"\" class=\"wp-image-6216\" srcset=\"https:\/\/primaria-negruvoda.ro\/wp-content\/uploads\/2022\/11\/WhatsApp-Image-2025-10-07-at-10.47.31-491x1024.jpeg 491w, https:\/\/primaria-negruvoda.ro\/wp-content\/uploads\/2022\/11\/WhatsApp-Image-2025-10-07-at-10.47.31-144x300.jpeg 144w, https:\/\/primaria-negruvoda.ro\/wp-content\/uploads\/2022\/11\/WhatsApp-Image-2025-10-07-at-10.47.31-768x1603.jpeg 768w, https:\/\/primaria-negruvoda.ro\/wp-content\/uploads\/2022\/11\/WhatsApp-Image-2025-10-07-at-10.47.31-736x1536.jpeg 736w, https:\/\/primaria-negruvoda.ro\/wp-content\/uploads\/2022\/11\/WhatsApp-Image-2025-10-07-at-10.47.31.jpeg 833w\" sizes=\"(max-width: 491px) 100vw, 491px\" \/><\/figure><\/div>\n\n\n\n<div class=\"wp-block-file\"><object class=\"wp-block-file__embed\" data=\"https:\/\/primaria-negruvoda.ro\/wp-content\/uploads\/2022\/11\/SKM_C25825082812170.pdf\" type=\"application\/pdf\" style=\"width:100%;height:600px\" aria-label=\"\u00cenglobare pentru SKM_C25825082812170.\"><\/object><a href=\"https:\/\/primaria-negruvoda.ro\/wp-content\/uploads\/2022\/11\/SKM_C25825082812170.pdf\">SKM_C25825082812170<\/a><a href=\"https:\/\/primaria-negruvoda.ro\/wp-content\/uploads\/2022\/11\/SKM_C25825082812170.pdf\" class=\"wp-block-file__button\" download>Descarc\u0103<\/a><\/div>\n\n\n\n<figure class=\"wp-block-image size-full\"><img loading=\"lazy\" width=\"640\" height=\"814\" src=\"https:\/\/primaria-negruvoda.ro\/wp-content\/uploads\/2025\/07\/aa651de9-0541-499d-8675-eb12e4ecfaa2.jpeg\" alt=\"\" class=\"wp-image-6100\" srcset=\"https:\/\/primaria-negruvoda.ro\/wp-content\/uploads\/2025\/07\/aa651de9-0541-499d-8675-eb12e4ecfaa2.jpeg 640w, https:\/\/primaria-negruvoda.ro\/wp-content\/uploads\/2025\/07\/aa651de9-0541-499d-8675-eb12e4ecfaa2-236x300.jpeg 236w\" sizes=\"(max-width: 640px) 100vw, 640px\" \/><\/figure>\n\n\n\n<div class=\"wp-block-file\"><object class=\"wp-block-file__embed\" data=\"https:\/\/primaria-negruvoda.ro\/wp-content\/uploads\/2022\/11\/ANUNT-virus-gripal-subtipul-H5N1.pdf\" type=\"application\/pdf\" style=\"width:100%;height:600px\" aria-label=\"\u00cenglobare pentru ANUNT virus gripal subtipul H5N1.\"><\/object><a href=\"https:\/\/primaria-negruvoda.ro\/wp-content\/uploads\/2022\/11\/ANUNT-virus-gripal-subtipul-H5N1.pdf\">ANUNT virus gripal subtipul H5N1<\/a><a href=\"https:\/\/primaria-negruvoda.ro\/wp-content\/uploads\/2022\/11\/ANUNT-virus-gripal-subtipul-H5N1.pdf\" class=\"wp-block-file__button\" download>Descarc\u0103<\/a><\/div>\n\n\n\n<p class=\"has-text-align-center\"><strong><em>REGULAMENT<\/em><\/strong><\/p>\n\n\n\n<p class=\"has-text-align-center\"><strong><em>de instituire \u0219i administrare a taxei de salubrizare pentru utilizatorii serviciului de salubrizare, respectiv, aprobarea&nbsp; taxelor de salubrizare pentru&nbsp; utilizatorii casnici \u0219i non-casnici pentru anul 2025 \u00een Ora\u015ful Negru Vod\u0103<\/em><\/strong><\/p>\n\n\n\n<div class=\"wp-block-file\"><object class=\"wp-block-file__embed\" data=\"https:\/\/primaria-negruvoda.ro\/wp-content\/uploads\/2022\/11\/REGULAMENT-SALUBRIZARE-2025.pdf\" type=\"application\/pdf\" style=\"width:100%;height:600px\" aria-label=\"\u00cenglobare pentru REGULAMENT SALUBRIZARE 2025.\"><\/object><a href=\"https:\/\/primaria-negruvoda.ro\/wp-content\/uploads\/2022\/11\/REGULAMENT-SALUBRIZARE-2025.pdf\">REGULAMENT SALUBRIZARE 2025<\/a><a href=\"https:\/\/primaria-negruvoda.ro\/wp-content\/uploads\/2022\/11\/REGULAMENT-SALUBRIZARE-2025.pdf\" class=\"wp-block-file__button\" download>Descarc\u0103<\/a><\/div>\n\n\n\n<div class=\"wp-block-file\"><object class=\"wp-block-file__embed\" data=\"https:\/\/primaria-negruvoda.ro\/wp-content\/uploads\/2025\/07\/Masuri-1.pdf\" type=\"application\/pdf\" style=\"width:100%;height:600px\" aria-label=\"\u00cenglobare pentru Masuri-1.\"><\/object><a href=\"https:\/\/primaria-negruvoda.ro\/wp-content\/uploads\/2025\/07\/Masuri-1.pdf\">Masuri-1<\/a><a href=\"https:\/\/primaria-negruvoda.ro\/wp-content\/uploads\/2025\/07\/Masuri-1.pdf\" class=\"wp-block-file__button\" download>Descarc\u0103<\/a><\/div>\n\n\n\n<ul><li><\/li><\/ul>\n\n\n\n<div class=\"wp-block-file\"><object class=\"wp-block-file__embed\" data=\"https:\/\/primaria-negruvoda.ro\/wp-content\/uploads\/2025\/07\/MASURI.pdf\" type=\"application\/pdf\" style=\"width:100%;height:600px\" aria-label=\"\u00cenglobare pentru MASURI.\"><\/object><a href=\"https:\/\/primaria-negruvoda.ro\/wp-content\/uploads\/2025\/07\/MASURI.pdf\">MASURI<\/a><a href=\"https:\/\/primaria-negruvoda.ro\/wp-content\/uploads\/2025\/07\/MASURI.pdf\" class=\"wp-block-file__button\" download>Descarc\u0103<\/a><\/div>\n","protected":false},"excerpt":{"rendered":"<p>Informare public\u0103 \u2013 Campanie de consulta\u021bii optometrice Prim\u0103ria ora\u0219ului Negru Vod\u0103 aduce la cuno\u0219tin\u021ba locuitorilor c\u0103 societatea S.C. OPTIC PRO&nbsp;MAS S.R.L. va organiza consulta\u021bii optometrice [&hellip;]<\/p>\n","protected":false},"author":3,"featured_media":0,"comment_status":"closed","ping_status":"open","sticky":false,"template":"","format":"standard","meta":{"pgc_sgb_lightbox_settings":""},"categories":[4,1],"tags":[],"yoast_head":"<!-- This site is optimized with the Yoast SEO plugin v17.9 - https:\/\/yoast.com\/wordpress\/plugins\/seo\/ -->\n<title>Anun\u021buri publice - Prim\u0103ria Ora\u015fului Negru Vod\u0103<\/title>\n<meta name=\"robots\" content=\"index, follow, max-snippet:-1, max-image-preview:large, max-video-preview:-1\" \/>\n<link rel=\"canonical\" href=\"https:\/\/primaria-negruvoda.ro\/index.php\/2022\/11\/24\/anunturi-publice\/\" \/>\n<meta property=\"og:locale\" content=\"ro_RO\" \/>\n<meta property=\"og:type\" content=\"article\" \/>\n<meta property=\"og:title\" content=\"Anun\u021buri publice - Prim\u0103ria Ora\u015fului Negru Vod\u0103\" \/>\n<meta property=\"og:description\" content=\"Informare public\u0103 \u2013 Campanie de consulta\u021bii optometrice Prim\u0103ria ora\u0219ului Negru Vod\u0103 aduce la cuno\u0219tin\u021ba locuitorilor c\u0103 societatea S.C. OPTIC PRO&nbsp;MAS S.R.L. va organiza consulta\u021bii optometrice [&hellip;]\" \/>\n<meta property=\"og:url\" content=\"https:\/\/primaria-negruvoda.ro\/index.php\/2022\/11\/24\/anunturi-publice\/\" \/>\n<meta property=\"og:site_name\" content=\"Prim\u0103ria Ora\u015fului Negru Vod\u0103\" \/>\n<meta property=\"article:published_time\" content=\"2022-11-24T07:46:04+00:00\" \/>\n<meta property=\"article:modified_time\" content=\"2025-12-05T12:18:53+00:00\" \/>\n<meta property=\"og:image\" content=\"https:\/\/primaria-negruvoda.ro\/wp-content\/uploads\/2025\/12\/905E91A1-5798-46BB-8535-57F61D465D5E-1024x683.png\" \/>\n<meta name=\"twitter:card\" content=\"summary_large_image\" \/>\n<meta name=\"twitter:label1\" content=\"Scris de\" \/>\n\t<meta name=\"twitter:data1\" content=\"Maria Ion\" \/>\n\t<meta name=\"twitter:label2\" content=\"Timp estimat pentru citire\" \/>\n\t<meta name=\"twitter:data2\" content=\"2 minute\" \/>\n<script type=\"application\/ld+json\" class=\"yoast-schema-graph\">{\"@context\":\"https:\/\/schema.org\",\"@graph\":[{\"@type\":\"Organization\",\"@id\":\"https:\/\/primaria-negruvoda.ro\/#organization\",\"name\":\"Prim\\u0103ria Negru Vod\\u0103\",\"url\":\"https:\/\/primaria-negruvoda.ro\/\",\"sameAs\":[],\"logo\":{\"@type\":\"ImageObject\",\"@id\":\"https:\/\/primaria-negruvoda.ro\/#logo\",\"inLanguage\":\"ro-RO\",\"url\":\"https:\/\/primaria-negruvoda.ro\/wp-content\/uploads\/2019\/09\/NV-emblema.png\",\"contentUrl\":\"https:\/\/primaria-negruvoda.ro\/wp-content\/uploads\/2019\/09\/NV-emblema.png\",\"width\":61,\"height\":90,\"caption\":\"Prim\\u0103ria Negru Vod\\u0103\"},\"image\":{\"@id\":\"https:\/\/primaria-negruvoda.ro\/#logo\"}},{\"@type\":\"WebSite\",\"@id\":\"https:\/\/primaria-negruvoda.ro\/#website\",\"url\":\"https:\/\/primaria-negruvoda.ro\/\",\"name\":\"Prim\\u0103ria Negru Vod\\u0103\",\"description\":\"Situl oficial al Prim\\u0103riei Negru Vod\\u0103\",\"publisher\":{\"@id\":\"https:\/\/primaria-negruvoda.ro\/#organization\"},\"potentialAction\":[{\"@type\":\"SearchAction\",\"target\":{\"@type\":\"EntryPoint\",\"urlTemplate\":\"https:\/\/primaria-negruvoda.ro\/?s={search_term_string}\"},\"query-input\":\"required name=search_term_string\"}],\"inLanguage\":\"ro-RO\"},{\"@type\":\"ImageObject\",\"@id\":\"https:\/\/primaria-negruvoda.ro\/index.php\/2022\/11\/24\/anunturi-publice\/#primaryimage\",\"inLanguage\":\"ro-RO\",\"url\":\"https:\/\/primaria-negruvoda.ro\/wp-content\/uploads\/2025\/12\/905E91A1-5798-46BB-8535-57F61D465D5E.png\",\"contentUrl\":\"https:\/\/primaria-negruvoda.ro\/wp-content\/uploads\/2025\/12\/905E91A1-5798-46BB-8535-57F61D465D5E.png\",\"width\":1536,\"height\":1024},{\"@type\":\"WebPage\",\"@id\":\"https:\/\/primaria-negruvoda.ro\/index.php\/2022\/11\/24\/anunturi-publice\/#webpage\",\"url\":\"https:\/\/primaria-negruvoda.ro\/index.php\/2022\/11\/24\/anunturi-publice\/\",\"name\":\"Anun\\u021buri publice - Prim\\u0103ria Ora\\u015fului Negru Vod\\u0103\",\"isPartOf\":{\"@id\":\"https:\/\/primaria-negruvoda.ro\/#website\"},\"primaryImageOfPage\":{\"@id\":\"https:\/\/primaria-negruvoda.ro\/index.php\/2022\/11\/24\/anunturi-publice\/#primaryimage\"},\"datePublished\":\"2022-11-24T07:46:04+00:00\",\"dateModified\":\"2025-12-05T12:18:53+00:00\",\"breadcrumb\":{\"@id\":\"https:\/\/primaria-negruvoda.ro\/index.php\/2022\/11\/24\/anunturi-publice\/#breadcrumb\"},\"inLanguage\":\"ro-RO\",\"potentialAction\":[{\"@type\":\"ReadAction\",\"target\":[\"https:\/\/primaria-negruvoda.ro\/index.php\/2022\/11\/24\/anunturi-publice\/\"]}]},{\"@type\":\"BreadcrumbList\",\"@id\":\"https:\/\/primaria-negruvoda.ro\/index.php\/2022\/11\/24\/anunturi-publice\/#breadcrumb\",\"itemListElement\":[{\"@type\":\"ListItem\",\"position\":1,\"name\":\"Prima pagin\\u0103\",\"item\":\"https:\/\/primaria-negruvoda.ro\/\"},{\"@type\":\"ListItem\",\"position\":2,\"name\":\"Anun\\u021buri publice\"}]},{\"@type\":\"Article\",\"@id\":\"https:\/\/primaria-negruvoda.ro\/index.php\/2022\/11\/24\/anunturi-publice\/#article\",\"isPartOf\":{\"@id\":\"https:\/\/primaria-negruvoda.ro\/index.php\/2022\/11\/24\/anunturi-publice\/#webpage\"},\"author\":{\"@id\":\"https:\/\/primaria-negruvoda.ro\/#\/schema\/person\/c5472cc01fc8df8f3e0bb45a0bdd2cff\"},\"headline\":\"Anun\\u021buri publice\",\"datePublished\":\"2022-11-24T07:46:04+00:00\",\"dateModified\":\"2025-12-05T12:18:53+00:00\",\"mainEntityOfPage\":{\"@id\":\"https:\/\/primaria-negruvoda.ro\/index.php\/2022\/11\/24\/anunturi-publice\/#webpage\"},\"wordCount\":284,\"publisher\":{\"@id\":\"https:\/\/primaria-negruvoda.ro\/#organization\"},\"image\":{\"@id\":\"https:\/\/primaria-negruvoda.ro\/index.php\/2022\/11\/24\/anunturi-publice\/#primaryimage\"},\"thumbnailUrl\":\"https:\/\/primaria-negruvoda.ro\/wp-content\/uploads\/2025\/12\/905E91A1-5798-46BB-8535-57F61D465D5E-1024x683.png\",\"articleSection\":[\"De interes public\"],\"inLanguage\":\"ro-RO\"},{\"@type\":\"Person\",\"@id\":\"https:\/\/primaria-negruvoda.ro\/#\/schema\/person\/c5472cc01fc8df8f3e0bb45a0bdd2cff\",\"name\":\"Maria Ion\",\"image\":{\"@type\":\"ImageObject\",\"@id\":\"https:\/\/primaria-negruvoda.ro\/#personlogo\",\"inLanguage\":\"ro-RO\",\"url\":\"https:\/\/secure.gravatar.com\/avatar\/a0d61c466902bb8a1eb7705726e13f3b?s=96&d=mm&r=g\",\"contentUrl\":\"https:\/\/secure.gravatar.com\/avatar\/a0d61c466902bb8a1eb7705726e13f3b?s=96&d=mm&r=g\",\"caption\":\"Maria Ion\"}}]}<\/script>\n<!-- \/ Yoast SEO plugin. -->","yoast_head_json":{"title":"Anun\u021buri publice - Prim\u0103ria Ora\u015fului Negru Vod\u0103","robots":{"index":"index","follow":"follow","max-snippet":"max-snippet:-1","max-image-preview":"max-image-preview:large","max-video-preview":"max-video-preview:-1"},"canonical":"https:\/\/primaria-negruvoda.ro\/index.php\/2022\/11\/24\/anunturi-publice\/","og_locale":"ro_RO","og_type":"article","og_title":"Anun\u021buri publice - Prim\u0103ria Ora\u015fului Negru Vod\u0103","og_description":"Informare public\u0103 \u2013 Campanie de consulta\u021bii optometrice Prim\u0103ria ora\u0219ului Negru Vod\u0103 aduce la cuno\u0219tin\u021ba locuitorilor c\u0103 societatea S.C. OPTIC PRO&nbsp;MAS S.R.L. va organiza consulta\u021bii optometrice [&hellip;]","og_url":"https:\/\/primaria-negruvoda.ro\/index.php\/2022\/11\/24\/anunturi-publice\/","og_site_name":"Prim\u0103ria Ora\u015fului Negru Vod\u0103","article_published_time":"2022-11-24T07:46:04+00:00","article_modified_time":"2025-12-05T12:18:53+00:00","og_image":[{"url":"https:\/\/primaria-negruvoda.ro\/wp-content\/uploads\/2025\/12\/905E91A1-5798-46BB-8535-57F61D465D5E-1024x683.png"}],"twitter_card":"summary_large_image","twitter_misc":{"Scris de":"Maria Ion","Timp estimat pentru citire":"2 minute"},"schema":{"@context":"https:\/\/schema.org","@graph":[{"@type":"Organization","@id":"https:\/\/primaria-negruvoda.ro\/#organization","name":"Prim\u0103ria Negru Vod\u0103","url":"https:\/\/primaria-negruvoda.ro\/","sameAs":[],"logo":{"@type":"ImageObject","@id":"https:\/\/primaria-negruvoda.ro\/#logo","inLanguage":"ro-RO","url":"https:\/\/primaria-negruvoda.ro\/wp-content\/uploads\/2019\/09\/NV-emblema.png","contentUrl":"https:\/\/primaria-negruvoda.ro\/wp-content\/uploads\/2019\/09\/NV-emblema.png","width":61,"height":90,"caption":"Prim\u0103ria Negru Vod\u0103"},"image":{"@id":"https:\/\/primaria-negruvoda.ro\/#logo"}},{"@type":"WebSite","@id":"https:\/\/primaria-negruvoda.ro\/#website","url":"https:\/\/primaria-negruvoda.ro\/","name":"Prim\u0103ria Negru Vod\u0103","description":"Situl oficial al Prim\u0103riei Negru Vod\u0103","publisher":{"@id":"https:\/\/primaria-negruvoda.ro\/#organization"},"potentialAction":[{"@type":"SearchAction","target":{"@type":"EntryPoint","urlTemplate":"https:\/\/primaria-negruvoda.ro\/?s={search_term_string}"},"query-input":"required name=search_term_string"}],"inLanguage":"ro-RO"},{"@type":"ImageObject","@id":"https:\/\/primaria-negruvoda.ro\/index.php\/2022\/11\/24\/anunturi-publice\/#primaryimage","inLanguage":"ro-RO","url":"https:\/\/primaria-negruvoda.ro\/wp-content\/uploads\/2025\/12\/905E91A1-5798-46BB-8535-57F61D465D5E.png","contentUrl":"https:\/\/primaria-negruvoda.ro\/wp-content\/uploads\/2025\/12\/905E91A1-5798-46BB-8535-57F61D465D5E.png","width":1536,"height":1024},{"@type":"WebPage","@id":"https:\/\/primaria-negruvoda.ro\/index.php\/2022\/11\/24\/anunturi-publice\/#webpage","url":"https:\/\/primaria-negruvoda.ro\/index.php\/2022\/11\/24\/anunturi-publice\/","name":"Anun\u021buri publice - Prim\u0103ria Ora\u015fului Negru Vod\u0103","isPartOf":{"@id":"https:\/\/primaria-negruvoda.ro\/#website"},"primaryImageOfPage":{"@id":"https:\/\/primaria-negruvoda.ro\/index.php\/2022\/11\/24\/anunturi-publice\/#primaryimage"},"datePublished":"2022-11-24T07:46:04+00:00","dateModified":"2025-12-05T12:18:53+00:00","breadcrumb":{"@id":"https:\/\/primaria-negruvoda.ro\/index.php\/2022\/11\/24\/anunturi-publice\/#breadcrumb"},"inLanguage":"ro-RO","potentialAction":[{"@type":"ReadAction","target":["https:\/\/primaria-negruvoda.ro\/index.php\/2022\/11\/24\/anunturi-publice\/"]}]},{"@type":"BreadcrumbList","@id":"https:\/\/primaria-negruvoda.ro\/index.php\/2022\/11\/24\/anunturi-publice\/#breadcrumb","itemListElement":[{"@type":"ListItem","position":1,"name":"Prima pagin\u0103","item":"https:\/\/primaria-negruvoda.ro\/"},{"@type":"ListItem","position":2,"name":"Anun\u021buri publice"}]},{"@type":"Article","@id":"https:\/\/primaria-negruvoda.ro\/index.php\/2022\/11\/24\/anunturi-publice\/#article","isPartOf":{"@id":"https:\/\/primaria-negruvoda.ro\/index.php\/2022\/11\/24\/anunturi-publice\/#webpage"},"author":{"@id":"https:\/\/primaria-negruvoda.ro\/#\/schema\/person\/c5472cc01fc8df8f3e0bb45a0bdd2cff"},"headline":"Anun\u021buri publice","datePublished":"2022-11-24T07:46:04+00:00","dateModified":"2025-12-05T12:18:53+00:00","mainEntityOfPage":{"@id":"https:\/\/primaria-negruvoda.ro\/index.php\/2022\/11\/24\/anunturi-publice\/#webpage"},"wordCount":284,"publisher":{"@id":"https:\/\/primaria-negruvoda.ro\/#organization"},"image":{"@id":"https:\/\/primaria-negruvoda.ro\/index.php\/2022\/11\/24\/anunturi-publice\/#primaryimage"},"thumbnailUrl":"https:\/\/primaria-negruvoda.ro\/wp-content\/uploads\/2025\/12\/905E91A1-5798-46BB-8535-57F61D465D5E-1024x683.png","articleSection":["De interes public"],"inLanguage":"ro-RO"},{"@type":"Person","@id":"https:\/\/primaria-negruvoda.ro\/#\/schema\/person\/c5472cc01fc8df8f3e0bb45a0bdd2cff","name":"Maria Ion","image":{"@type":"ImageObject","@id":"https:\/\/primaria-negruvoda.ro\/#personlogo","inLanguage":"ro-RO","url":"https:\/\/secure.gravatar.com\/avatar\/a0d61c466902bb8a1eb7705726e13f3b?s=96&d=mm&r=g","contentUrl":"https:\/\/secure.gravatar.com\/avatar\/a0d61c466902bb8a1eb7705726e13f3b?s=96&d=mm&r=g","caption":"Maria Ion"}}]}},"featured_image_src":null,"featured_image_src_square":null,"author_info":{"display_name":"Maria Ion","author_link":"https:\/\/primaria-negruvoda.ro\/index.php\/author\/maria-ion\/"},"_links":{"self":[{"href":"https:\/\/primaria-negruvoda.ro\/index.php\/wp-json\/wp\/v2\/posts\/4863"}],"collection":[{"href":"https:\/\/primaria-negruvoda.ro\/index.php\/wp-json\/wp\/v2\/posts"}],"about":[{"href":"https:\/\/primaria-negruvoda.ro\/index.php\/wp-json\/wp\/v2\/types\/post"}],"author":[{"embeddable":true,"href":"https:\/\/primaria-negruvoda.ro\/index.php\/wp-json\/wp\/v2\/users\/3"}],"replies":[{"embeddable":true,"href":"https:\/\/primaria-negruvoda.ro\/index.php\/wp-json\/wp\/v2\/comments?post=4863"}],"version-history":[{"count":51,"href":"https:\/\/primaria-negruvoda.ro\/index.php\/wp-json\/wp\/v2\/posts\/4863\/revisions"}],"predecessor-version":[{"id":6277,"href":"https:\/\/primaria-negruvoda.ro\/index.php\/wp-json\/wp\/v2\/posts\/4863\/revisions\/6277"}],"wp:attachment":[{"href":"https:\/\/primaria-negruvoda.ro\/index.php\/wp-json\/wp\/v2\/media?parent=4863"}],"wp:term":[{"taxonomy":"category","embeddable":true,"href":"https:\/\/primaria-negruvoda.ro\/index.php\/wp-json\/wp\/v2\/categories?post=4863"},{"taxonomy":"post_tag","embeddable":true,"href":"https:\/\/primaria-negruvoda.ro\/index.php\/wp-json\/wp\/v2\/tags?post=4863"}],"curies":[{"name":"wp","href":"https:\/\/api.w.org\/{rel}","templated":true}]}}