{"id":2538,"date":"2020-03-02T15:36:50","date_gmt":"2020-03-02T15:36:50","guid":{"rendered":"https:\/\/primaria-negruvoda.ro\/?p=2538"},"modified":"2025-06-12T10:15:16","modified_gmt":"2025-06-12T08:15:16","slug":"urbanism","status":"publish","type":"post","link":"https:\/\/primaria-negruvoda.ro\/index.php\/2020\/03\/02\/urbanism\/","title":{"rendered":"Urbanism"},"content":{"rendered":"\n<div class=\"wp-block-file\"><object class=\"wp-block-file__embed\" data=\"https:\/\/primaria-negruvoda.ro\/wp-content\/uploads\/2020\/03\/Anunt-prealabil-inregistrarea-sistematica.pdf\" type=\"application\/pdf\" style=\"width:100%;height:600px\" aria-label=\"\u00cenglobare pentru Anunt prealabil inregistrarea sistematica.\"><\/object><a href=\"https:\/\/primaria-negruvoda.ro\/wp-content\/uploads\/2020\/03\/Anunt-prealabil-inregistrarea-sistematica.pdf\">Anunt prealabil inregistrarea sistematica<\/a><a href=\"https:\/\/primaria-negruvoda.ro\/wp-content\/uploads\/2020\/03\/Anunt-prealabil-inregistrarea-sistematica.pdf\" class=\"wp-block-file__button\" download>Descarc\u0103<\/a><\/div>\n\n\n\n<div class=\"wp-block-file\"><object class=\"wp-block-file__embed\" data=\"https:\/\/primaria-negruvoda.ro\/wp-content\/uploads\/2020\/03\/36.-ANUNT-PREALABIL-PRIVIND-AFISAREA-PUBLICA-A-DOCUMENTELOR.pdf\" type=\"application\/pdf\" style=\"width:100%;height:600px\" aria-label=\"\u00cenglobare pentru 36. ANUNT PREALABIL PRIVIND AFI\u0218AREA PUBLIC\u0102 A DOCUMENTELOR.\"><\/object><a href=\"https:\/\/primaria-negruvoda.ro\/wp-content\/uploads\/2020\/03\/36.-ANUNT-PREALABIL-PRIVIND-AFISAREA-PUBLICA-A-DOCUMENTELOR.pdf\">36. ANUNT PREALABIL PRIVIND AFI\u0218AREA PUBLIC\u0102 A DOCUMENTELOR<\/a><a href=\"https:\/\/primaria-negruvoda.ro\/wp-content\/uploads\/2020\/03\/36.-ANUNT-PREALABIL-PRIVIND-AFISAREA-PUBLICA-A-DOCUMENTELOR.pdf\" class=\"wp-block-file__button\" download>Descarc\u0103<\/a><\/div>\n\n\n\n<h2>Anun\u021buri Mediu<\/h2>\n\n\n\n<div class=\"wp-block-file\"><object class=\"wp-block-file__embed\" data=\"https:\/\/primaria-negruvoda.ro\/wp-content\/uploads\/2020\/03\/Anunt-public-privind-depunerea-solicitarii-de-emitere-a-acordului-de-mediu-06.09.2024.pdf\" type=\"application\/pdf\" style=\"width:100%;height:600px\" aria-label=\"\u00cenglobare pentru Anun\u021b public privind depunerea solicit\u0103rii de emitere a acordului de mediu 06.09.2024.\"><\/object><a href=\"https:\/\/primaria-negruvoda.ro\/wp-content\/uploads\/2020\/03\/Anunt-public-privind-depunerea-solicitarii-de-emitere-a-acordului-de-mediu-06.09.2024.pdf\">Anun\u021b public privind depunerea solicit\u0103rii de emitere a acordului de mediu 06.09.2024<\/a><a href=\"https:\/\/primaria-negruvoda.ro\/wp-content\/uploads\/2020\/03\/Anunt-public-privind-depunerea-solicitarii-de-emitere-a-acordului-de-mediu-06.09.2024.pdf\" class=\"wp-block-file__button\" download>Descarc\u0103<\/a><\/div>\n\n\n\n<div class=\"wp-block-file\"><object class=\"wp-block-file__embed\" data=\"https:\/\/primaria-negruvoda.ro\/wp-content\/uploads\/2020\/03\/Anunt-public-privind-depunerea-solicitarii-de-emitere-a-acordului-de-mediu.pdf\" type=\"application\/pdf\" style=\"width:100%;height:600px\" aria-label=\"\u00cenglobare pentru Anun\u021b public privind depunerea solicit\u0103rii de emitere a acordului de mediu.\"><\/object><a href=\"https:\/\/primaria-negruvoda.ro\/wp-content\/uploads\/2020\/03\/Anunt-public-privind-depunerea-solicitarii-de-emitere-a-acordului-de-mediu.pdf\">Anun\u021b public privind depunerea solicit\u0103rii de emitere a acordului de mediu<\/a><a href=\"https:\/\/primaria-negruvoda.ro\/wp-content\/uploads\/2020\/03\/Anunt-public-privind-depunerea-solicitarii-de-emitere-a-acordului-de-mediu.pdf\" class=\"wp-block-file__button\" download>Descarc\u0103<\/a><\/div>\n\n\n\n<div class=\"wp-block-file\"><object class=\"wp-block-file__embed\" data=\"https:\/\/primaria-negruvoda.ro\/wp-content\/uploads\/2020\/03\/ANUNT-MEDIU-CIMITIR-2022.pdf\" type=\"application\/pdf\" style=\"width:100%;height:600px\" aria-label=\"\u00cenglobare pentru ANUNT MEDIU CIMITIR 2022.\"><\/object><a href=\"https:\/\/primaria-negruvoda.ro\/wp-content\/uploads\/2020\/03\/ANUNT-MEDIU-CIMITIR-2022.pdf\">ANUNT MEDIU CIMITIR 2022<\/a><a href=\"https:\/\/primaria-negruvoda.ro\/wp-content\/uploads\/2020\/03\/ANUNT-MEDIU-CIMITIR-2022.pdf\" class=\"wp-block-file__button\" download>Descarc\u0103<\/a><\/div>\n\n\n\n<div class=\"wp-block-file\"><object class=\"wp-block-file__embed\" data=\"https:\/\/primaria-negruvoda.ro\/wp-content\/uploads\/2020\/03\/ANUNT-MEDIU-STADION-2022.pdf\" type=\"application\/pdf\" style=\"width:100%;height:600px\" aria-label=\"\u00cenglobare pentru ANUNT MEDIU STADION 2022.\"><\/object><a href=\"https:\/\/primaria-negruvoda.ro\/wp-content\/uploads\/2020\/03\/ANUNT-MEDIU-STADION-2022.pdf\">ANUNT MEDIU STADION 2022<\/a><a href=\"https:\/\/primaria-negruvoda.ro\/wp-content\/uploads\/2020\/03\/ANUNT-MEDIU-STADION-2022.pdf\" class=\"wp-block-file__button\" download>Descarc\u0103<\/a><\/div>\n\n\n\n<h2>REGISTRUL DE EVIDEN\u021a\u0102 SIA<\/h2>\n\n\n\n<div class=\"wp-block-file\"><object class=\"wp-block-file__embed\" data=\"https:\/\/primaria-negruvoda.ro\/wp-content\/uploads\/2020\/03\/FORMULAR-DE-INSCRIERE-IN-REGISTRUL-DE-EVIDENTA-A-SIA-PERSOANE-FIZICE.pdf\" type=\"application\/pdf\" style=\"width:100%;height:600px\" aria-label=\"\u00cenglobare pentru FORMULAR DE \u00ceNSCRIERE \u00ceN REGISTRUL DE EVIDEN\u021a\u0102 A SIA ( PERSOANE FIZICE).\"><\/object><a href=\"https:\/\/primaria-negruvoda.ro\/wp-content\/uploads\/2020\/03\/FORMULAR-DE-INSCRIERE-IN-REGISTRUL-DE-EVIDENTA-A-SIA-PERSOANE-FIZICE.pdf\">FORMULAR DE \u00ceNSCRIERE \u00ceN REGISTRUL DE EVIDEN\u021a\u0102 A SIA ( PERSOANE FIZICE)<\/a><a href=\"https:\/\/primaria-negruvoda.ro\/wp-content\/uploads\/2020\/03\/FORMULAR-DE-INSCRIERE-IN-REGISTRUL-DE-EVIDENTA-A-SIA-PERSOANE-FIZICE.pdf\" class=\"wp-block-file__button\" download>Descarc\u0103<\/a><\/div>\n\n\n\n<div class=\"wp-block-file\"><object class=\"wp-block-file__embed\" data=\"https:\/\/primaria-negruvoda.ro\/wp-content\/uploads\/2020\/03\/FORMULAR-DE-INSCRIERE-IN-REGISTRUL-DE-EVIDENTA-A-SIA-PERSOANE-JURIDICE.pdf\" type=\"application\/pdf\" style=\"width:100%;height:600px\" aria-label=\"\u00cenglobare pentru FORMULAR DE \u00ceNSCRIERE \u00ceN REGISTRUL DE EVIDEN\u021a\u0102 A SIA ( PERSOANE JURIDICE).\"><\/object><a href=\"https:\/\/primaria-negruvoda.ro\/wp-content\/uploads\/2020\/03\/FORMULAR-DE-INSCRIERE-IN-REGISTRUL-DE-EVIDENTA-A-SIA-PERSOANE-JURIDICE.pdf\">FORMULAR DE \u00ceNSCRIERE \u00ceN REGISTRUL DE EVIDEN\u021a\u0102 A SIA ( PERSOANE JURIDICE)<\/a><a href=\"https:\/\/primaria-negruvoda.ro\/wp-content\/uploads\/2020\/03\/FORMULAR-DE-INSCRIERE-IN-REGISTRUL-DE-EVIDENTA-A-SIA-PERSOANE-JURIDICE.pdf\" class=\"wp-block-file__button\" download>Descarc\u0103<\/a><\/div>\n\n\n\n<div class=\"wp-block-file\"><a href=\"https:\/\/primaria-negruvoda.ro\/wp-content\/uploads\/2020\/03\/model-cerere-certificat-edificare-1.pdf\">model-cerere-certificat-edificare-1<\/a><a href=\"https:\/\/primaria-negruvoda.ro\/wp-content\/uploads\/2020\/03\/model-cerere-certificat-edificare-1.pdf\" class=\"wp-block-file__button\" download>Download<br><\/a><\/div>\n\n\n\n<div class=\"wp-block-file\"><a href=\"https:\/\/primaria-negruvoda.ro\/wp-content\/uploads\/2020\/04\/Cerere-Incepere-Executie-Lucrari.pdf\">Cerere-Incepere-Executie-Lucrari<\/a><a href=\"https:\/\/primaria-negruvoda.ro\/wp-content\/uploads\/2020\/04\/Cerere-Incepere-Executie-Lucrari.pdf\" class=\"wp-block-file__button\" download>Download<\/a><\/div>\n\n\n\n<div class=\"wp-block-file\"><a href=\"https:\/\/primaria-negruvoda.ro\/wp-content\/uploads\/2020\/04\/Cerere-prelungire-Autorizatie-Constructie.pdf\">Cerere-prelungire-Autorizatie-Constructie<\/a><a href=\"https:\/\/primaria-negruvoda.ro\/wp-content\/uploads\/2020\/04\/Cerere-prelungire-Autorizatie-Constructie.pdf\" class=\"wp-block-file__button\" download>Download<\/a><\/div>\n\n\n\n<div class=\"wp-block-file\"><a href=\"https:\/\/primaria-negruvoda.ro\/wp-content\/uploads\/2020\/04\/Comunicare-Incheiere-Executie-Lucrari.pdf\">Comunicare-Incheiere-Executie-Lucrari<\/a><a href=\"https:\/\/primaria-negruvoda.ro\/wp-content\/uploads\/2020\/04\/Comunicare-Incheiere-Executie-Lucrari.pdf\" class=\"wp-block-file__button\" download>Download<\/a><\/div>\n\n\n\n<div class=\"wp-block-file\"><a href=\"https:\/\/primaria-negruvoda.ro\/wp-content\/uploads\/2020\/04\/Comunicare-Incheiere-Lucrari-ISC.pdf\">Comunicare-Incheiere-Lucrari-ISC<\/a><a href=\"https:\/\/primaria-negruvoda.ro\/wp-content\/uploads\/2020\/04\/Comunicare-Incheiere-Lucrari-ISC.pdf\" class=\"wp-block-file__button\" download>Download<\/a><\/div>\n\n\n\n<div class=\"wp-block-file\"><a href=\"https:\/\/primaria-negruvoda.ro\/wp-content\/uploads\/2020\/04\/MODEL-PANOU-IDENTIFICARE-INVESTITIE.pdf\">MODEL-PANOU-IDENTIFICARE-INVESTITIE<\/a><a href=\"https:\/\/primaria-negruvoda.ro\/wp-content\/uploads\/2020\/04\/MODEL-PANOU-IDENTIFICARE-INVESTITIE.pdf\" class=\"wp-block-file__button\" download>Download<\/a><\/div>\n\n\n\n<div class=\"wp-block-file\"><a href=\"https:\/\/primaria-negruvoda.ro\/wp-content\/uploads\/2020\/04\/model-cerere-certificat-edificare-1.pdf\">model-cerere-certificat-edificare-1<\/a><a href=\"https:\/\/primaria-negruvoda.ro\/wp-content\/uploads\/2020\/04\/model-cerere-certificat-edificare-1.pdf\" class=\"wp-block-file__button\" download>Download<\/a><\/div>\n\n\n\n<h2>Lucr\u0103ri de \u00eenregistrare sistematic\u0103 (CADASTRU) &#8211; UAT ORA\u0218 NEGRU VOD\u0102, finan\u021barea VII<\/h2>\n\n\n\n<p><strong>Persoana de contact din cadrul Prim\u0103riei Ora\u0219ului Negru Vod\u0103 este doamna Dr\u0103niceanu Mihaela.<\/strong><\/p>\n\n\n\n<div class=\"wp-block-file\"><a href=\"https:\/\/primaria-negruvoda.ro\/wp-content\/uploads\/2020\/03\/Anexa-8-Cerere-de-rectificare.doc\">Anexa 8 Cerere de rectificare<\/a><a href=\"https:\/\/primaria-negruvoda.ro\/wp-content\/uploads\/2020\/03\/Anexa-8-Cerere-de-rectificare.doc\" class=\"wp-block-file__button\" download>Descarc\u0103<\/a><\/div>\n\n\n\n<p><strong>Sectorul 1<\/strong><\/p>\n\n\n\n<div class=\"wp-block-file\"><object class=\"wp-block-file__embed\" data=\"https:\/\/primaria-negruvoda.ro\/wp-content\/uploads\/2020\/03\/plan_cadastral.pdf\" type=\"application\/pdf\" style=\"width:100%;height:600px\" aria-label=\"\u00cenglobare pentru plan_cadastral.\"><\/object><a href=\"https:\/\/primaria-negruvoda.ro\/wp-content\/uploads\/2020\/03\/plan_cadastral.pdf\">plan_cadastral<\/a><a href=\"https:\/\/primaria-negruvoda.ro\/wp-content\/uploads\/2020\/03\/plan_cadastral.pdf\" class=\"wp-block-file__button\" download>Descarc\u0103<\/a><\/div>\n\n\n\n<p>Sector<strong>ul 3<\/strong><\/p>\n\n\n\n<div class=\"wp-block-file\"><object class=\"wp-block-file__embed\" data=\"https:\/\/primaria-negruvoda.ro\/wp-content\/uploads\/2020\/03\/plan_cadastral-1.pdf\" type=\"application\/pdf\" style=\"width:100%;height:600px\" aria-label=\"\u00cenglobare pentru plan_cadastral.\"><\/object><a href=\"https:\/\/primaria-negruvoda.ro\/wp-content\/uploads\/2020\/03\/plan_cadastral-1.pdf\">plan_cadastral<\/a><a href=\"https:\/\/primaria-negruvoda.ro\/wp-content\/uploads\/2020\/03\/plan_cadastral-1.pdf\" class=\"wp-block-file__button\" download>Descarc\u0103<\/a><\/div>\n\n\n\n<p>Sectorul 5<\/p>\n\n\n\n<div class=\"wp-block-file\"><object class=\"wp-block-file__embed\" data=\"https:\/\/primaria-negruvoda.ro\/wp-content\/uploads\/2020\/03\/plan_cadastral-2.pdf\" type=\"application\/pdf\" style=\"width:100%;height:600px\" aria-label=\"\u00cenglobare pentru plan_cadastral.\"><\/object><a href=\"https:\/\/primaria-negruvoda.ro\/wp-content\/uploads\/2020\/03\/plan_cadastral-2.pdf\">plan_cadastral<\/a><a href=\"https:\/\/primaria-negruvoda.ro\/wp-content\/uploads\/2020\/03\/plan_cadastral-2.pdf\" class=\"wp-block-file__button\" download>Descarc\u0103<\/a><\/div>\n\n\n\n<p>Sectorul 11<\/p>\n\n\n\n<div class=\"wp-block-file\"><object class=\"wp-block-file__embed\" data=\"https:\/\/primaria-negruvoda.ro\/wp-content\/uploads\/2020\/03\/plan_cadastral-3.pdf\" type=\"application\/pdf\" style=\"width:100%;height:600px\" aria-label=\"\u00cenglobare pentru plan_cadastral.\"><\/object><a href=\"https:\/\/primaria-negruvoda.ro\/wp-content\/uploads\/2020\/03\/plan_cadastral-3.pdf\">plan_cadastral<\/a><a href=\"https:\/\/primaria-negruvoda.ro\/wp-content\/uploads\/2020\/03\/plan_cadastral-3.pdf\" class=\"wp-block-file__button\" download>Descarc\u0103<\/a><\/div>\n\n\n\n<div class=\"wp-block-file\"><object class=\"wp-block-file__embed\" data=\"https:\/\/primaria-negruvoda.ro\/wp-content\/uploads\/2024\/01\/Anunt-public-privind-Decizia-etapei-de-incadrare-INFIINTARE-SPATII-VERZI-PRIN-RECONVERSIE-TEREN-DEGRADAT-ORAS-NEGRU-VODA-1.pdf\" type=\"application\/pdf\" style=\"width:100%;height:600px\" aria-label=\"\u00cenglobare pentru Anunt-public-privind-Decizia-etapei-de-incadrare-INFIINTARE-SPATII-VERZI-PRIN-RECONVERSIE-TEREN-DEGRADAT-ORAS-NEGRU-VODA-1.\"><\/object><a href=\"https:\/\/primaria-negruvoda.ro\/wp-content\/uploads\/2024\/01\/Anunt-public-privind-Decizia-etapei-de-incadrare-INFIINTARE-SPATII-VERZI-PRIN-RECONVERSIE-TEREN-DEGRADAT-ORAS-NEGRU-VODA-1.pdf\">Anunt-public-privind-Decizia-etapei-de-incadrare-INFIINTARE-SPATII-VERZI-PRIN-RECONVERSIE-TEREN-DEGRADAT-ORAS-NEGRU-VODA-1<\/a><a href=\"https:\/\/primaria-negruvoda.ro\/wp-content\/uploads\/2024\/01\/Anunt-public-privind-Decizia-etapei-de-incadrare-INFIINTARE-SPATII-VERZI-PRIN-RECONVERSIE-TEREN-DEGRADAT-ORAS-NEGRU-VODA-1.pdf\" class=\"wp-block-file__button\" download>Descarc\u0103<\/a><\/div>\n\n\n\n<div class=\"wp-block-file\"><object class=\"wp-block-file__embed\" data=\"https:\/\/primaria-negruvoda.ro\/wp-content\/uploads\/2020\/03\/Regulament-privind-imbunatatirea-activitatii-de-gospodarire-protectia-mediului-intretinerea-si.pdf\" type=\"application\/pdf\" style=\"width:100%;height:600px\" aria-label=\"\u00cenglobare pentru Regulament privind \u00eembun\u0103t\u0103\u021birea activit\u0103\u021bii de gospod\u0103rire, protec\u021bia mediului, \u00eentre\u021binerea \u0219i.\"><\/object><a href=\"https:\/\/primaria-negruvoda.ro\/wp-content\/uploads\/2020\/03\/Regulament-privind-imbunatatirea-activitatii-de-gospodarire-protectia-mediului-intretinerea-si.pdf\">Regulament privind \u00eembun\u0103t\u0103\u021birea activit\u0103\u021bii de gospod\u0103rire, protec\u021bia mediului, \u00eentre\u021binerea \u0219i<\/a><a href=\"https:\/\/primaria-negruvoda.ro\/wp-content\/uploads\/2020\/03\/Regulament-privind-imbunatatirea-activitatii-de-gospodarire-protectia-mediului-intretinerea-si.pdf\" class=\"wp-block-file__button\" download>Descarc\u0103<\/a><\/div>\n","protected":false},"excerpt":{"rendered":"<p>Anun\u021buri Mediu REGISTRUL DE EVIDEN\u021a\u0102 SIA Lucr\u0103ri de \u00eenregistrare sistematic\u0103 (CADASTRU) &#8211; UAT ORA\u0218 NEGRU VOD\u0102, finan\u021barea VII Persoana de contact din cadrul Prim\u0103riei Ora\u0219ului [&hellip;]<\/p>\n","protected":false},"author":1,"featured_media":0,"comment_status":"closed","ping_status":"open","sticky":false,"template":"","format":"standard","meta":{"pgc_sgb_lightbox_settings":""},"categories":[4],"tags":[],"yoast_head":"<!-- This site is optimized with the Yoast SEO plugin v17.9 - https:\/\/yoast.com\/wordpress\/plugins\/seo\/ -->\n<title>Urbanism - Prim\u0103ria Ora\u015fului Negru Vod\u0103<\/title>\n<meta name=\"robots\" content=\"index, follow, max-snippet:-1, max-image-preview:large, max-video-preview:-1\" \/>\n<link rel=\"canonical\" href=\"https:\/\/primaria-negruvoda.ro\/index.php\/2020\/03\/02\/urbanism\/\" \/>\n<meta property=\"og:locale\" content=\"ro_RO\" \/>\n<meta property=\"og:type\" content=\"article\" \/>\n<meta property=\"og:title\" content=\"Urbanism - Prim\u0103ria Ora\u015fului Negru Vod\u0103\" \/>\n<meta property=\"og:description\" content=\"Anun\u021buri Mediu REGISTRUL DE EVIDEN\u021a\u0102 SIA Lucr\u0103ri de \u00eenregistrare sistematic\u0103 (CADASTRU) &#8211; UAT ORA\u0218 NEGRU VOD\u0102, finan\u021barea VII Persoana de contact din cadrul Prim\u0103riei Ora\u0219ului [&hellip;]\" \/>\n<meta property=\"og:url\" content=\"https:\/\/primaria-negruvoda.ro\/index.php\/2020\/03\/02\/urbanism\/\" \/>\n<meta property=\"og:site_name\" content=\"Prim\u0103ria Ora\u015fului Negru Vod\u0103\" \/>\n<meta property=\"article:published_time\" content=\"2020-03-02T15:36:50+00:00\" \/>\n<meta property=\"article:modified_time\" content=\"2025-06-12T08:15:16+00:00\" \/>\n<meta name=\"twitter:card\" content=\"summary_large_image\" \/>\n<meta name=\"twitter:label1\" content=\"Scris de\" \/>\n\t<meta name=\"twitter:data1\" content=\"admin\" \/>\n\t<meta name=\"twitter:label2\" content=\"Timp estimat pentru citire\" \/>\n\t<meta name=\"twitter:data2\" content=\"1 minut\" \/>\n<script type=\"application\/ld+json\" class=\"yoast-schema-graph\">{\"@context\":\"https:\/\/schema.org\",\"@graph\":[{\"@type\":\"Organization\",\"@id\":\"https:\/\/primaria-negruvoda.ro\/#organization\",\"name\":\"Prim\\u0103ria Negru Vod\\u0103\",\"url\":\"https:\/\/primaria-negruvoda.ro\/\",\"sameAs\":[],\"logo\":{\"@type\":\"ImageObject\",\"@id\":\"https:\/\/primaria-negruvoda.ro\/#logo\",\"inLanguage\":\"ro-RO\",\"url\":\"https:\/\/primaria-negruvoda.ro\/wp-content\/uploads\/2019\/09\/NV-emblema.png\",\"contentUrl\":\"https:\/\/primaria-negruvoda.ro\/wp-content\/uploads\/2019\/09\/NV-emblema.png\",\"width\":61,\"height\":90,\"caption\":\"Prim\\u0103ria Negru Vod\\u0103\"},\"image\":{\"@id\":\"https:\/\/primaria-negruvoda.ro\/#logo\"}},{\"@type\":\"WebSite\",\"@id\":\"https:\/\/primaria-negruvoda.ro\/#website\",\"url\":\"https:\/\/primaria-negruvoda.ro\/\",\"name\":\"Prim\\u0103ria Negru Vod\\u0103\",\"description\":\"Situl oficial al Prim\\u0103riei Negru Vod\\u0103\",\"publisher\":{\"@id\":\"https:\/\/primaria-negruvoda.ro\/#organization\"},\"potentialAction\":[{\"@type\":\"SearchAction\",\"target\":{\"@type\":\"EntryPoint\",\"urlTemplate\":\"https:\/\/primaria-negruvoda.ro\/?s={search_term_string}\"},\"query-input\":\"required name=search_term_string\"}],\"inLanguage\":\"ro-RO\"},{\"@type\":\"WebPage\",\"@id\":\"https:\/\/primaria-negruvoda.ro\/index.php\/2020\/03\/02\/urbanism\/#webpage\",\"url\":\"https:\/\/primaria-negruvoda.ro\/index.php\/2020\/03\/02\/urbanism\/\",\"name\":\"Urbanism - Prim\\u0103ria Ora\\u015fului Negru Vod\\u0103\",\"isPartOf\":{\"@id\":\"https:\/\/primaria-negruvoda.ro\/#website\"},\"datePublished\":\"2020-03-02T15:36:50+00:00\",\"dateModified\":\"2025-06-12T08:15:16+00:00\",\"breadcrumb\":{\"@id\":\"https:\/\/primaria-negruvoda.ro\/index.php\/2020\/03\/02\/urbanism\/#breadcrumb\"},\"inLanguage\":\"ro-RO\",\"potentialAction\":[{\"@type\":\"ReadAction\",\"target\":[\"https:\/\/primaria-negruvoda.ro\/index.php\/2020\/03\/02\/urbanism\/\"]}]},{\"@type\":\"BreadcrumbList\",\"@id\":\"https:\/\/primaria-negruvoda.ro\/index.php\/2020\/03\/02\/urbanism\/#breadcrumb\",\"itemListElement\":[{\"@type\":\"ListItem\",\"position\":1,\"name\":\"Prima pagin\\u0103\",\"item\":\"https:\/\/primaria-negruvoda.ro\/\"},{\"@type\":\"ListItem\",\"position\":2,\"name\":\"Urbanism\"}]},{\"@type\":\"Article\",\"@id\":\"https:\/\/primaria-negruvoda.ro\/index.php\/2020\/03\/02\/urbanism\/#article\",\"isPartOf\":{\"@id\":\"https:\/\/primaria-negruvoda.ro\/index.php\/2020\/03\/02\/urbanism\/#webpage\"},\"author\":{\"@id\":\"https:\/\/primaria-negruvoda.ro\/#\/schema\/person\/ce2a4a09f27c3b345923e22c31085f5a\"},\"headline\":\"Urbanism\",\"datePublished\":\"2020-03-02T15:36:50+00:00\",\"dateModified\":\"2025-06-12T08:15:16+00:00\",\"mainEntityOfPage\":{\"@id\":\"https:\/\/primaria-negruvoda.ro\/index.php\/2020\/03\/02\/urbanism\/#webpage\"},\"wordCount\":150,\"publisher\":{\"@id\":\"https:\/\/primaria-negruvoda.ro\/#organization\"},\"articleSection\":[\"De interes public\"],\"inLanguage\":\"ro-RO\"},{\"@type\":\"Person\",\"@id\":\"https:\/\/primaria-negruvoda.ro\/#\/schema\/person\/ce2a4a09f27c3b345923e22c31085f5a\",\"name\":\"admin\",\"image\":{\"@type\":\"ImageObject\",\"@id\":\"https:\/\/primaria-negruvoda.ro\/#personlogo\",\"inLanguage\":\"ro-RO\",\"url\":\"https:\/\/secure.gravatar.com\/avatar\/3c0274335e2ef1b4221a777849e8bec8?s=96&d=mm&r=g\",\"contentUrl\":\"https:\/\/secure.gravatar.com\/avatar\/3c0274335e2ef1b4221a777849e8bec8?s=96&d=mm&r=g\",\"caption\":\"admin\"}}]}<\/script>\n<!-- \/ Yoast SEO plugin. -->","yoast_head_json":{"title":"Urbanism - Prim\u0103ria Ora\u015fului Negru Vod\u0103","robots":{"index":"index","follow":"follow","max-snippet":"max-snippet:-1","max-image-preview":"max-image-preview:large","max-video-preview":"max-video-preview:-1"},"canonical":"https:\/\/primaria-negruvoda.ro\/index.php\/2020\/03\/02\/urbanism\/","og_locale":"ro_RO","og_type":"article","og_title":"Urbanism - Prim\u0103ria Ora\u015fului Negru Vod\u0103","og_description":"Anun\u021buri Mediu REGISTRUL DE EVIDEN\u021a\u0102 SIA Lucr\u0103ri de \u00eenregistrare sistematic\u0103 (CADASTRU) &#8211; UAT ORA\u0218 NEGRU VOD\u0102, finan\u021barea VII Persoana de contact din cadrul Prim\u0103riei Ora\u0219ului [&hellip;]","og_url":"https:\/\/primaria-negruvoda.ro\/index.php\/2020\/03\/02\/urbanism\/","og_site_name":"Prim\u0103ria Ora\u015fului Negru Vod\u0103","article_published_time":"2020-03-02T15:36:50+00:00","article_modified_time":"2025-06-12T08:15:16+00:00","twitter_card":"summary_large_image","twitter_misc":{"Scris de":"admin","Timp estimat pentru citire":"1 minut"},"schema":{"@context":"https:\/\/schema.org","@graph":[{"@type":"Organization","@id":"https:\/\/primaria-negruvoda.ro\/#organization","name":"Prim\u0103ria Negru Vod\u0103","url":"https:\/\/primaria-negruvoda.ro\/","sameAs":[],"logo":{"@type":"ImageObject","@id":"https:\/\/primaria-negruvoda.ro\/#logo","inLanguage":"ro-RO","url":"https:\/\/primaria-negruvoda.ro\/wp-content\/uploads\/2019\/09\/NV-emblema.png","contentUrl":"https:\/\/primaria-negruvoda.ro\/wp-content\/uploads\/2019\/09\/NV-emblema.png","width":61,"height":90,"caption":"Prim\u0103ria Negru Vod\u0103"},"image":{"@id":"https:\/\/primaria-negruvoda.ro\/#logo"}},{"@type":"WebSite","@id":"https:\/\/primaria-negruvoda.ro\/#website","url":"https:\/\/primaria-negruvoda.ro\/","name":"Prim\u0103ria Negru Vod\u0103","description":"Situl oficial al Prim\u0103riei Negru Vod\u0103","publisher":{"@id":"https:\/\/primaria-negruvoda.ro\/#organization"},"potentialAction":[{"@type":"SearchAction","target":{"@type":"EntryPoint","urlTemplate":"https:\/\/primaria-negruvoda.ro\/?s={search_term_string}"},"query-input":"required name=search_term_string"}],"inLanguage":"ro-RO"},{"@type":"WebPage","@id":"https:\/\/primaria-negruvoda.ro\/index.php\/2020\/03\/02\/urbanism\/#webpage","url":"https:\/\/primaria-negruvoda.ro\/index.php\/2020\/03\/02\/urbanism\/","name":"Urbanism - Prim\u0103ria Ora\u015fului Negru Vod\u0103","isPartOf":{"@id":"https:\/\/primaria-negruvoda.ro\/#website"},"datePublished":"2020-03-02T15:36:50+00:00","dateModified":"2025-06-12T08:15:16+00:00","breadcrumb":{"@id":"https:\/\/primaria-negruvoda.ro\/index.php\/2020\/03\/02\/urbanism\/#breadcrumb"},"inLanguage":"ro-RO","potentialAction":[{"@type":"ReadAction","target":["https:\/\/primaria-negruvoda.ro\/index.php\/2020\/03\/02\/urbanism\/"]}]},{"@type":"BreadcrumbList","@id":"https:\/\/primaria-negruvoda.ro\/index.php\/2020\/03\/02\/urbanism\/#breadcrumb","itemListElement":[{"@type":"ListItem","position":1,"name":"Prima pagin\u0103","item":"https:\/\/primaria-negruvoda.ro\/"},{"@type":"ListItem","position":2,"name":"Urbanism"}]},{"@type":"Article","@id":"https:\/\/primaria-negruvoda.ro\/index.php\/2020\/03\/02\/urbanism\/#article","isPartOf":{"@id":"https:\/\/primaria-negruvoda.ro\/index.php\/2020\/03\/02\/urbanism\/#webpage"},"author":{"@id":"https:\/\/primaria-negruvoda.ro\/#\/schema\/person\/ce2a4a09f27c3b345923e22c31085f5a"},"headline":"Urbanism","datePublished":"2020-03-02T15:36:50+00:00","dateModified":"2025-06-12T08:15:16+00:00","mainEntityOfPage":{"@id":"https:\/\/primaria-negruvoda.ro\/index.php\/2020\/03\/02\/urbanism\/#webpage"},"wordCount":150,"publisher":{"@id":"https:\/\/primaria-negruvoda.ro\/#organization"},"articleSection":["De interes public"],"inLanguage":"ro-RO"},{"@type":"Person","@id":"https:\/\/primaria-negruvoda.ro\/#\/schema\/person\/ce2a4a09f27c3b345923e22c31085f5a","name":"admin","image":{"@type":"ImageObject","@id":"https:\/\/primaria-negruvoda.ro\/#personlogo","inLanguage":"ro-RO","url":"https:\/\/secure.gravatar.com\/avatar\/3c0274335e2ef1b4221a777849e8bec8?s=96&d=mm&r=g","contentUrl":"https:\/\/secure.gravatar.com\/avatar\/3c0274335e2ef1b4221a777849e8bec8?s=96&d=mm&r=g","caption":"admin"}}]}},"featured_image_src":null,"featured_image_src_square":null,"author_info":{"display_name":"admin","author_link":"https:\/\/primaria-negruvoda.ro\/index.php\/author\/admin\/"},"_links":{"self":[{"href":"https:\/\/primaria-negruvoda.ro\/index.php\/wp-json\/wp\/v2\/posts\/2538"}],"collection":[{"href":"https:\/\/primaria-negruvoda.ro\/index.php\/wp-json\/wp\/v2\/posts"}],"about":[{"href":"https:\/\/primaria-negruvoda.ro\/index.php\/wp-json\/wp\/v2\/types\/post"}],"author":[{"embeddable":true,"href":"https:\/\/primaria-negruvoda.ro\/index.php\/wp-json\/wp\/v2\/users\/1"}],"replies":[{"embeddable":true,"href":"https:\/\/primaria-negruvoda.ro\/index.php\/wp-json\/wp\/v2\/comments?post=2538"}],"version-history":[{"count":25,"href":"https:\/\/primaria-negruvoda.ro\/index.php\/wp-json\/wp\/v2\/posts\/2538\/revisions"}],"predecessor-version":[{"id":6038,"href":"https:\/\/primaria-negruvoda.ro\/index.php\/wp-json\/wp\/v2\/posts\/2538\/revisions\/6038"}],"wp:attachment":[{"href":"https:\/\/primaria-negruvoda.ro\/index.php\/wp-json\/wp\/v2\/media?parent=2538"}],"wp:term":[{"taxonomy":"category","embeddable":true,"href":"https:\/\/primaria-negruvoda.ro\/index.php\/wp-json\/wp\/v2\/categories?post=2538"},{"taxonomy":"post_tag","embeddable":true,"href":"https:\/\/primaria-negruvoda.ro\/index.php\/wp-json\/wp\/v2\/tags?post=2538"}],"curies":[{"name":"wp","href":"https:\/\/api.w.org\/{rel}","templated":true}]}}